{"id":11637,"date":"2022-06-03T09:57:48","date_gmt":"2022-06-03T09:57:48","guid":{"rendered":"https:\/\/participa.guttmann.com\/?p=11637"},"modified":"2022-06-03T09:57:48","modified_gmt":"2022-06-03T09:57:48","slug":"publicacio-les-observacions-generals-del-comite-de-drets-de-les-persones-amb-discapacitat-de-nacions-unides-explicades-i-comentades","status":"publish","type":"post","link":"https:\/\/participa.guttmann.com\/ca\/publicacio-les-observacions-generals-del-comite-de-drets-de-les-persones-amb-discapacitat-de-nacions-unides-explicades-i-comentades\/","title":{"rendered":"Publicaci\u00f3: Les Observacions Generals del Comit\u00e8 de drets de les persones amb discapacitat de Nacions Unides explicades i comentades"},"content":{"rendered":"<p>Aquesta nova publicaci\u00f3 t\u00e9 l&#8217;objectiu d&#8217;acostar el coneixement a la societat del contingut de les Observacions Generals del Comit\u00e8 sobre els drets de les persones amb discapacitat. Les Observacions Generals s\u00f3n el resultat del patrimoni d&#8217;experi\u00e8ncia del Comit\u00e8 despr\u00e9s d&#8217;analitzar la implementaci\u00f3 de la Convenci\u00f3 en els Estats parteix d&#8217;aquesta.<\/p>\n<p>A trav\u00e9s d&#8217;elles, el Comit\u00e8 desenvolupa directrius de com han d&#8217;interpretar-se i implementar-se les disposicions de la Convenci\u00f3 d&#8217;una manera que sigui compatible amb l&#8217;enfocament de drets humans de les persones amb discapacitat, que col\u00b7loca a aquestes, com a subjectes de dret, en el centre de tot quefer relacionat amb el gaudi dels seus drets.<\/p>\n<p>La publicaci\u00f3 ofereix un resum de cadascuna de les Observacions Generals, acompanyat de comentaris i explicacions per a ajudar a comprendre l&#8217;estat dels temes que aborden les Observacions Generals del Comit\u00e8 de Nacions Unides sobre els drets de les persones amb discapacitat en l&#8217;ordenament jur\u00eddic espanyol. D&#8217;aquesta manera, els i les lectores podran tenir un panorama del que Espanya ha avan\u00e7at en la implementaci\u00f3 de la Convenci\u00f3, aix\u00ed com de les \u00e0rees que fins i tot requereixen progressos.<\/p>\n<p>Podeu descarregar la publicaci\u00f3 aqu\u00ed: <a href=\"https:\/\/www.cedid.es\/es\/documentacion\/ver-seleccion-novedad\/574047\/\" target=\"_blank\" rel=\"noopener\">Centre Espanyol de Documentaci\u00f3 i Recerca sobre Discapacitat<\/a><\/p>\n","protected":false},"excerpt":{"rendered":"<p>Aquesta nova publicaci\u00f3 t\u00e9 l&#8217;objectiu d&#8217;acostar el coneixement a la societat del contingut de les Observacions Generals del Comit\u00e8 sobre els drets de les persones amb discapacitat. Les Observacions Generals s\u00f3n el resultat del patrimoni d&#8217;experi\u00e8ncia del Comit\u00e8 despr\u00e9s d&#8217;analitzar la implementaci\u00f3 de la Convenci\u00f3 en els Estats parteix d&#8217;aquesta. A trav\u00e9s d&#8217;elles, el Comit\u00e8<\/p>\n","protected":false},"author":8,"featured_media":11624,"comment_status":"closed","ping_status":"closed","sticky":false,"template":"","format":"standard","meta":{"_acf_changed":false,"_monsterinsights_skip_tracking":false,"_monsterinsights_sitenote_active":false,"_monsterinsights_sitenote_note":"","_monsterinsights_sitenote_category":0,"footnotes":""},"categories":[107,54,55,60,56,57,58],"tags":[],"class_list":["post-11637","post","type-post","status-publish","format-standard","has-post-thumbnail","hentry","category-acces-a-serveis","category-habitatge","category-mobilitat","category-noticies","category-oci","category-ocupacio","category-relacions-interpersonals"],"acf":{"date":"lunes 1 de enero de 1970","title-publication":"","scientific-journal":"This is an example for scientific journal","introduction":"This is an example for introduction","authors":"This is an example for authors: Name Surname1-Surname2, Name Surname1-Surname2,....","categorias":false},"aioseo_notices":[],"_links":{"self":[{"href":"https:\/\/participa.guttmann.com\/ca\/wp-json\/wp\/v2\/posts\/11637","targetHints":{"allow":["GET"]}}],"collection":[{"href":"https:\/\/participa.guttmann.com\/ca\/wp-json\/wp\/v2\/posts"}],"about":[{"href":"https:\/\/participa.guttmann.com\/ca\/wp-json\/wp\/v2\/types\/post"}],"author":[{"embeddable":true,"href":"https:\/\/participa.guttmann.com\/ca\/wp-json\/wp\/v2\/users\/8"}],"replies":[{"embeddable":true,"href":"https:\/\/participa.guttmann.com\/ca\/wp-json\/wp\/v2\/comments?post=11637"}],"version-history":[{"count":1,"href":"https:\/\/participa.guttmann.com\/ca\/wp-json\/wp\/v2\/posts\/11637\/revisions"}],"predecessor-version":[{"id":11641,"href":"https:\/\/participa.guttmann.com\/ca\/wp-json\/wp\/v2\/posts\/11637\/revisions\/11641"}],"wp:featuredmedia":[{"embeddable":true,"href":"https:\/\/participa.guttmann.com\/ca\/wp-json\/wp\/v2\/media\/11624"}],"wp:attachment":[{"href":"https:\/\/participa.guttmann.com\/ca\/wp-json\/wp\/v2\/media?parent=11637"}],"wp:term":[{"taxonomy":"category","embeddable":true,"href":"https:\/\/participa.guttmann.com\/ca\/wp-json\/wp\/v2\/categories?post=11637"},{"taxonomy":"post_tag","embeddable":true,"href":"https:\/\/participa.guttmann.com\/ca\/wp-json\/wp\/v2\/tags?post=11637"}],"curies":[{"name":"wp","href":"https:\/\/api.w.org\/{rel}","templated":true}]}}