{"id":15274,"date":"2023-01-13T09:50:11","date_gmt":"2023-01-13T09:50:11","guid":{"rendered":"https:\/\/participa.guttmann.com\/?p=15274"},"modified":"2023-01-13T09:50:11","modified_gmt":"2023-01-13T09:50:11","slug":"desinstitucionalitzacio-i-vida-en-comunitat-de-les-persones-amb-discapacitat","status":"publish","type":"post","link":"https:\/\/participa.guttmann.com\/ca\/desinstitucionalitzacio-i-vida-en-comunitat-de-les-persones-amb-discapacitat\/","title":{"rendered":"Desinstitucionalitzaci\u00f3 i vida en comunitat de les persones amb discapacitat"},"content":{"rendered":"<p>Les Nacions Unides va realitzar en 2022 una nova guia que pret\u00e9n recollir directrius i recomanacions per a la desinstitucionalitzaci\u00f3 de les persones amb discapacitat, per a reformar el sector en forma d&#8217;organitzacions comunit\u00e0ries, i per a avan\u00e7ar en el dret de viure de manera aut\u00f2noma i amb llibertat per a prendre les pr\u00f2pies decisions.<!--more--><\/p>\n<p>El document, <a href=\"https:\/\/bettercarenetwork.org\/sites\/default\/files\/2022-09\/crpd_c_27_3_9592_e.pdf\" target=\"_blank\" rel=\"noopener\">Guidelines on deinstitutionalization, including in emergencies (CRPD\/C\/27\/3)<\/a>, emmarcat en la Convenci\u00f3 sobre els Drets de les Persones amb Discapacitat de Nacions Unides (2006), estableix els principis per a avan\u00e7ar en els processos de desinstitucionalitzaci\u00f3:<\/p>\n<ul>\n<li>La institucionalitzaci\u00f3 contradiu el dret de les persones amb discapacitat a ser incloses en la comunitat.<\/li>\n<li>Cal abolir totes les formes d&#8217;institucionalitzaci\u00f3 i deixar d&#8217;invertir en institucions.<\/li>\n<li>Les institucions mai han de ser considerades com una forma de protecci\u00f3 de les persones amb discapacitats ni com una lliure elecci\u00f3.<\/li>\n<\/ul>\n<p>El document tamb\u00e9 aporta informaci\u00f3 sobre els trets definitoris per a entendre qu\u00e8 \u00e9s una instituci\u00f3:<\/p>\n<ul>\n<li>Obligatorietat de compartir assist\u00e8ncia amb altres persones sense cap llibertat d&#8217;elecci\u00f3 sobre qui proporciona aquesta assist\u00e8ncia.<\/li>\n<li>A\u00efllament i segregaci\u00f3 de la vida independent en la comunitat.<\/li>\n<li>Manca de control sobre les decisions del dia a dia.<\/li>\n<li>Manca d&#8217;elecci\u00f3 de les persones amb els qui es conviu.<\/li>\n<li>Etc.<\/li>\n<\/ul>\n<p>No existeix cap justificaci\u00f3 per a perpetuar la institucionalitzaci\u00f3 de les persones amb discapacitat. Segons la guia de Nacions Unides, els processos de desinstitucionalitzaci\u00f3 han de revertir la pr\u00e0ctica injusta de la institucionalitzaci\u00f3. Totes les persones tenen dret a iniciar-ho quan ho desitgin i a rebre assist\u00e8ncia per a completar els requeriments.<\/p>\n<p>El document indica les seg\u00fcents directrius per a avan\u00e7ar en aquest cam\u00ed:<\/p>\n<ul>\n<li>Respectar el dret de la persona a prendre decisions en tots els aspectes de deixar una instituci\u00f3, oferint-li suport si ho necessita.<\/li>\n<li>Donar temps i oportunitats suficients per a preparar-se f\u00edsica i emocionalment per a la vida en comunitat. Les administracions haurien de garantir que les persones tinguin un pla individualitzat segons les seves prefer\u00e8ncies en deixar la instituci\u00f3.<\/li>\n<li>Respectar a les persones institucionalitzades com a supervivents als qui se&#8217;ls deu una compensaci\u00f3, i proporcionar-los informaci\u00f3 i oportunitats per a participar plenament en el pla i la implementaci\u00f3 de la desinstitucionalitzaci\u00f3.<\/li>\n<li>Oferir a les persones un marge ampli d&#8217;experi\u00e8ncies en la comunitat com a preparaci\u00f3 per a deixar la instituci\u00f3; ajudar-les a guanyar experi\u00e8ncia, fortalesa i habilitats socials i quotidianes i a v\u00e8ncer les pors que puguin tenir de la vida independent.<\/li>\n<li>Proporcionar a les persones informaci\u00f3 sobre les opcions d&#8217;habitatge, transport i ocupaci\u00f3, a m\u00e9s de rendes individualitzades i altres mesures necess\u00e0ries per a garantir la seva qualitat de vida.<\/li>\n<\/ul>\n<p>Font: <a href=\"https:\/\/isocial.cat\/es\/desinstitucionalizacion-y-vida-en-comunidad-de-las-personas-con-discapacidad\/\" target=\"_blank\" rel=\"noopener\">Fundaci\u00f3 iSocial Innovaci\u00f3 en l&#8217;acci\u00f3 social<\/a><\/p>\n","protected":false},"excerpt":{"rendered":"<p>Les Nacions Unides va realitzar en 2022 una nova guia que pret\u00e9n recollir directrius i recomanacions per a la desinstitucionalitzaci\u00f3 de les persones amb discapacitat, per a reformar el sector en forma d&#8217;organitzacions comunit\u00e0ries, i per a avan\u00e7ar en el dret de viure de manera aut\u00f2noma i amb llibertat per a prendre les pr\u00f2pies decisions.<\/p>\n","protected":false},"author":8,"featured_media":9122,"comment_status":"closed","ping_status":"closed","sticky":false,"template":"","format":"image","meta":{"_acf_changed":false,"_monsterinsights_skip_tracking":false,"_monsterinsights_sitenote_active":false,"_monsterinsights_sitenote_note":"","_monsterinsights_sitenote_category":0,"footnotes":""},"categories":[54,60],"tags":[],"class_list":["post-15274","post","type-post","status-publish","format-image","has-post-thumbnail","hentry","category-habitatge","category-noticies","post_format-post-format-image"],"acf":{"date":"lunes 1 de enero de 1970","title-publication":"","scientific-journal":"This is an example for scientific journal","introduction":"This is an example for introduction","authors":"This is an example for authors: Name Surname1-Surname2, Name Surname1-Surname2,....","categorias":false},"aioseo_notices":[],"_links":{"self":[{"href":"https:\/\/participa.guttmann.com\/ca\/wp-json\/wp\/v2\/posts\/15274","targetHints":{"allow":["GET"]}}],"collection":[{"href":"https:\/\/participa.guttmann.com\/ca\/wp-json\/wp\/v2\/posts"}],"about":[{"href":"https:\/\/participa.guttmann.com\/ca\/wp-json\/wp\/v2\/types\/post"}],"author":[{"embeddable":true,"href":"https:\/\/participa.guttmann.com\/ca\/wp-json\/wp\/v2\/users\/8"}],"replies":[{"embeddable":true,"href":"https:\/\/participa.guttmann.com\/ca\/wp-json\/wp\/v2\/comments?post=15274"}],"version-history":[{"count":1,"href":"https:\/\/participa.guttmann.com\/ca\/wp-json\/wp\/v2\/posts\/15274\/revisions"}],"predecessor-version":[{"id":15279,"href":"https:\/\/participa.guttmann.com\/ca\/wp-json\/wp\/v2\/posts\/15274\/revisions\/15279"}],"wp:featuredmedia":[{"embeddable":true,"href":"https:\/\/participa.guttmann.com\/ca\/wp-json\/wp\/v2\/media\/9122"}],"wp:attachment":[{"href":"https:\/\/participa.guttmann.com\/ca\/wp-json\/wp\/v2\/media?parent=15274"}],"wp:term":[{"taxonomy":"category","embeddable":true,"href":"https:\/\/participa.guttmann.com\/ca\/wp-json\/wp\/v2\/categories?post=15274"},{"taxonomy":"post_tag","embeddable":true,"href":"https:\/\/participa.guttmann.com\/ca\/wp-json\/wp\/v2\/tags?post=15274"}],"curies":[{"name":"wp","href":"https:\/\/api.w.org\/{rel}","templated":true}]}}