{"id":17991,"date":"2023-05-31T11:46:48","date_gmt":"2023-05-31T11:46:48","guid":{"rendered":"https:\/\/participa.guttmann.com\/?p=17991"},"modified":"2023-12-18T09:53:01","modified_gmt":"2023-12-18T09:53:01","slug":"el-dret-al-treball-barreres-i-facilitadors-dacces-a-lambit-laboral","status":"publish","type":"post","link":"https:\/\/participa.guttmann.com\/ca\/el-dret-al-treball-barreres-i-facilitadors-dacces-a-lambit-laboral\/","title":{"rendered":"El dret al treball: barreres i facilitadors d&#8217;acc\u00e9s a l&#8217;\u00e0mbit laboral"},"content":{"rendered":"<p>La Convenci\u00f3 dels Drets de les Persones amb Discapacitat de les Nacions Unides (2006) reconeix el dret de les persones amb discapacitat a treballar en igualtat de condicions que la resta. Aix\u00f2 inclou tenir l&#8217;oportunitat de guanyar-se la vida mitjan\u00e7ant un treball lliurement triat o acceptat en un mercat i un entorn laborals que siguin oberts, inclusius i accessibles a les persones amb discapacitat (article 27).<br \/>\n<!--more--><\/p>\n<p>Font: <a href=\"https:\/\/siidon.guttmann.com\/files\/sr_111_7_ribes_sauri_cegarra.pdf\" target=\"_blank\" rel=\"noopener\">Revista Sobre Ruedas n\u00ba 111<\/a><\/p>\n","protected":false},"excerpt":{"rendered":"<p>La Convenci\u00f3 dels Drets de les Persones amb Discapacitat de les Nacions Unides (2006) reconeix el dret de les persones amb discapacitat a treballar en igualtat de condicions que la resta. Aix\u00f2 inclou tenir l&#8217;oportunitat de guanyar-se la vida mitjan\u00e7ant un treball lliurement triat o acceptat en un mercat i un entorn laborals que siguin<\/p>\n","protected":false},"author":8,"featured_media":12775,"comment_status":"closed","ping_status":"closed","sticky":false,"template":"","format":"standard","meta":{"_acf_changed":false,"_monsterinsights_skip_tracking":false,"_monsterinsights_sitenote_active":false,"_monsterinsights_sitenote_note":"","_monsterinsights_sitenote_category":0,"footnotes":""},"categories":[347],"tags":[],"class_list":["post-17991","post","type-post","status-publish","format-standard","has-post-thumbnail","hentry","category-articlesdivulgatius-ca"],"acf":{"date":"31 maig 2023","title-publication":"<a href=\"https:\/\/siidon.guttmann.com\/files\/sr_111_7_ribes_sauri_cegarra.pdf\" target=\"_blank\" rel=\"noopener\">El dret al treball: barreres i facilitadors d'acc\u00e9s a l'\u00e0mbit laboral<\/a>","scientific-journal":"Revista Sobre Ruedas n\u00ba 111","introduction":"La Convenci\u00f3 dels Drets de les Persones amb Discapacitat de les Nacions Unides (2006) reconeix el dret de les persones amb discapacitat a treballar en igualtat de condicions que la resta. Aix\u00f2 inclou tenir l'oportunitat de guanyar-se la vida mitjan\u00e7ant un treball lliurement triat o acceptat en un mercat i un entorn laborals que siguin oberts, inclusius i accessibles a les persones amb discapacitat (article 27).","authors":"Alina Ribes Martinez-Marquez; Joan Saur\u00ed Ruiz i Blanca Cegarra Due\u00f1as","categorias":[528]},"aioseo_notices":[],"_links":{"self":[{"href":"https:\/\/participa.guttmann.com\/ca\/wp-json\/wp\/v2\/posts\/17991","targetHints":{"allow":["GET"]}}],"collection":[{"href":"https:\/\/participa.guttmann.com\/ca\/wp-json\/wp\/v2\/posts"}],"about":[{"href":"https:\/\/participa.guttmann.com\/ca\/wp-json\/wp\/v2\/types\/post"}],"author":[{"embeddable":true,"href":"https:\/\/participa.guttmann.com\/ca\/wp-json\/wp\/v2\/users\/8"}],"replies":[{"embeddable":true,"href":"https:\/\/participa.guttmann.com\/ca\/wp-json\/wp\/v2\/comments?post=17991"}],"version-history":[{"count":7,"href":"https:\/\/participa.guttmann.com\/ca\/wp-json\/wp\/v2\/posts\/17991\/revisions"}],"predecessor-version":[{"id":19267,"href":"https:\/\/participa.guttmann.com\/ca\/wp-json\/wp\/v2\/posts\/17991\/revisions\/19267"}],"acf:term":[{"embeddable":true,"taxonomy":"categoria-articulo","href":"https:\/\/participa.guttmann.com\/ca\/wp-json\/wp\/v2\/categoria-articulo\/528"}],"wp:featuredmedia":[{"embeddable":true,"href":"https:\/\/participa.guttmann.com\/ca\/wp-json\/wp\/v2\/media\/12775"}],"wp:attachment":[{"href":"https:\/\/participa.guttmann.com\/ca\/wp-json\/wp\/v2\/media?parent=17991"}],"wp:term":[{"taxonomy":"category","embeddable":true,"href":"https:\/\/participa.guttmann.com\/ca\/wp-json\/wp\/v2\/categories?post=17991"},{"taxonomy":"post_tag","embeddable":true,"href":"https:\/\/participa.guttmann.com\/ca\/wp-json\/wp\/v2\/tags?post=17991"}],"curies":[{"name":"wp","href":"https:\/\/api.w.org\/{rel}","templated":true}]}}