{"id":18277,"date":"2023-08-28T17:29:52","date_gmt":"2023-08-28T17:29:52","guid":{"rendered":"https:\/\/participa.guttmann.com\/?p=18277"},"modified":"2023-08-31T17:39:30","modified_gmt":"2023-08-31T17:39:30","slug":"discriminacio-per-discapacitat","status":"publish","type":"post","link":"https:\/\/participa.guttmann.com\/ca\/discriminacio-per-discapacitat\/","title":{"rendered":"Discriminaci\u00f3 per discapacitat"},"content":{"rendered":"<p>El Ministeri de Drets Socials i Agenda 2030 pret\u00e9n eliminar la discriminaci\u00f3 de les persones amb discapacitat i garantir la igualtat d&#8217;oportunitats, aix\u00ed com promoure l&#8217;accessibilitat universal.<!--more--><\/p>\n<p>Amb aquesta intenci\u00f3, s&#8217;ha desenvolupat aquest lloc web, a trav\u00e9s del qual el Real Patronat sobre Discapacitat detalla els passos a seguir i el procediment per a presentar una reclamaci\u00f3 en cas d&#8217;estar experimentant algun tipus de discriminaci\u00f3.<\/p>\n<p>Font: <a href=\"https:\/\/www.rpdiscapacidad.gob.es\/discriminacion\/denuncia.htm\" target=\"_blank\" rel=\"noopener\">Real Patronat sobre Discapacitat<\/a><\/p>\n","protected":false},"excerpt":{"rendered":"<p>El Ministeri de Drets Socials i Agenda 2030 pret\u00e9n eliminar la discriminaci\u00f3 de les persones amb discapacitat i garantir la igualtat d&#8217;oportunitats, aix\u00ed com promoure l&#8217;accessibilitat universal.<\/p>\n","protected":false},"author":8,"featured_media":18280,"comment_status":"closed","ping_status":"closed","sticky":false,"template":"","format":"image","meta":{"_acf_changed":false,"_monsterinsights_skip_tracking":false,"_monsterinsights_sitenote_active":false,"_monsterinsights_sitenote_note":"","_monsterinsights_sitenote_category":0,"footnotes":""},"categories":[107,54,55,60,56,57,58],"tags":[],"class_list":["post-18277","post","type-post","status-publish","format-image","has-post-thumbnail","hentry","category-acces-a-serveis","category-habitatge","category-mobilitat","category-noticies","category-oci","category-ocupacio","category-relacions-interpersonals","post_format-post-format-image"],"acf":{"date":"lunes 1 de enero de 1970","title-publication":"","scientific-journal":"This is an example for scientific journal","introduction":"This is an example for introduction","authors":"This is an example for authors: Name Surname1-Surname2, Name Surname1-Surname2,....","categorias":false},"aioseo_notices":[],"_links":{"self":[{"href":"https:\/\/participa.guttmann.com\/ca\/wp-json\/wp\/v2\/posts\/18277","targetHints":{"allow":["GET"]}}],"collection":[{"href":"https:\/\/participa.guttmann.com\/ca\/wp-json\/wp\/v2\/posts"}],"about":[{"href":"https:\/\/participa.guttmann.com\/ca\/wp-json\/wp\/v2\/types\/post"}],"author":[{"embeddable":true,"href":"https:\/\/participa.guttmann.com\/ca\/wp-json\/wp\/v2\/users\/8"}],"replies":[{"embeddable":true,"href":"https:\/\/participa.guttmann.com\/ca\/wp-json\/wp\/v2\/comments?post=18277"}],"version-history":[{"count":2,"href":"https:\/\/participa.guttmann.com\/ca\/wp-json\/wp\/v2\/posts\/18277\/revisions"}],"predecessor-version":[{"id":18301,"href":"https:\/\/participa.guttmann.com\/ca\/wp-json\/wp\/v2\/posts\/18277\/revisions\/18301"}],"wp:featuredmedia":[{"embeddable":true,"href":"https:\/\/participa.guttmann.com\/ca\/wp-json\/wp\/v2\/media\/18280"}],"wp:attachment":[{"href":"https:\/\/participa.guttmann.com\/ca\/wp-json\/wp\/v2\/media?parent=18277"}],"wp:term":[{"taxonomy":"category","embeddable":true,"href":"https:\/\/participa.guttmann.com\/ca\/wp-json\/wp\/v2\/categories?post=18277"},{"taxonomy":"post_tag","embeddable":true,"href":"https:\/\/participa.guttmann.com\/ca\/wp-json\/wp\/v2\/tags?post=18277"}],"curies":[{"name":"wp","href":"https:\/\/api.w.org\/{rel}","templated":true}]}}