{"id":22138,"date":"2024-10-30T11:12:02","date_gmt":"2024-10-30T11:12:02","guid":{"rendered":"https:\/\/participa.guttmann.com\/?p=22138"},"modified":"2024-10-30T11:12:02","modified_gmt":"2024-10-30T11:12:02","slug":"estrategies-i-aliances-per-impulsar-els-drets-de-les-persones-amb-discapacitat","status":"publish","type":"post","link":"https:\/\/participa.guttmann.com\/ca\/estrategies-i-aliances-per-impulsar-els-drets-de-les-persones-amb-discapacitat\/","title":{"rendered":"Estrat\u00e8gies i aliances per impulsar els drets de les persones amb discapacitat"},"content":{"rendered":"<p>El passat 5 de juny, l&#8217;Institut Guttmann va acollir la reuni\u00f3 ordin\u00e0ria del Consell Social i de Participaci\u00f3, una trobada que es celebra dues vegades l&#8217;any i reuneix diverses associacions de persones amb discapacitat. L&#8217;esdeveniment va comptar amb la destacada pres\u00e8ncia del professor Joan Subirats, expert en Ci\u00e8ncies Econ\u00f2miques i Catedr\u00e0tic de Ci\u00e8ncia Pol\u00edtica i de l&#8217;Administraci\u00f3.<!--more--><\/p>\n<p>Durant la seva confer\u00e8ncia, Subirats va abordar la q\u00fcesti\u00f3 de com situar els drets de les persones amb discapacitat en les agendes pol\u00edtiques i socials. Va destacar la import\u00e0ncia de la influ\u00e8ncia i de les finestres d&#8217;oportunitat que es poden aprofitar per aconseguir un major impacte. A m\u00e9s, va subratllar la necessitat d&#8217;establir aliances amb altres organitzacions per a augmentar la visibilitat i pres\u00e8ncia dels temes relatius a la discapacitat en l&#8217;\u00e0mbit pol\u00edtic, tant a nivell nacional com europeu.<\/p>\n<p>El professor va oferir consells pr\u00e0ctics per ajudar als l\u00edders d&#8217;aquestes associacions a ser m\u00e9s efectius en la seva tasca de defensa dels drets. Segons Subirats, &#8220;No es posicionen a l&#8217;agenda aquells problemes que s\u00f3n m\u00e9s importants, sin\u00f3 els temes de qui t\u00e9 m\u00e9s capacitat d&#8217;influ\u00e8ncia&#8221;, un recordatori que la pres\u00e8ncia i la persuasi\u00f3 s\u00f3n claus per aconseguir canvis significatius en la societat.<\/p>\n<p>Per llegir un resum de la intervenci\u00f3 de Joan Subirats, clica<a class=\"file file--mime-application-pdf file--application-pdf\" title=\"Joan Subiats\" href=\"https:\/\/www.guttmann.com\/sites\/default\/files\/inline-files\/24-06-05-CSiP-Ponencia%20Joan%20Subirats.pdf\" target=\"_blank\" rel=\"noopener\" data-entity-type=\"file\" data-entity-uuid=\"606683c6-81b4-464e-877f-5ad854cc0c09\" data-uw-pdf-br=\"1\" data-uw-pdf-doc=\"\" aria-label=\"aqu\u00ed - obre en una pestanya nova\" data-uw-rm-ext-link=\"\">\u00a0aqu\u00ed<\/a>. Tamb\u00e9 pots veure el v\u00eddeo de la confer\u00e8ncia fent clic\u00a0<a title=\"Joan Subiats\" href=\"https:\/\/www.youtube.com\/watch?v=Tr6oGJMRhqc\" target=\"_blank\" rel=\"noopener\" aria-label=\"aqu\u00ed - obre en una pestanya nova\" data-uw-rm-ext-link=\"\">aqu\u00ed<\/a>.<\/p>\n","protected":false},"excerpt":{"rendered":"<p>El passat 5 de juny, l&#8217;Institut Guttmann va acollir la reuni\u00f3 ordin\u00e0ria del Consell Social i de Participaci\u00f3, una trobada que es celebra dues vegades l&#8217;any i reuneix diverses associacions de persones amb discapacitat. L&#8217;esdeveniment va comptar amb la destacada pres\u00e8ncia del professor Joan Subirats, expert en Ci\u00e8ncies Econ\u00f2miques i Catedr\u00e0tic de Ci\u00e8ncia Pol\u00edtica i<\/p>\n","protected":false},"author":8,"featured_media":22140,"comment_status":"closed","ping_status":"closed","sticky":false,"template":"","format":"image","meta":{"_acf_changed":false,"_monsterinsights_skip_tracking":false,"_monsterinsights_sitenote_active":false,"_monsterinsights_sitenote_note":"","_monsterinsights_sitenote_category":0,"footnotes":""},"categories":[60],"tags":[],"class_list":["post-22138","post","type-post","status-publish","format-image","has-post-thumbnail","hentry","category-noticies","post_format-post-format-image"],"acf":{"date":"lunes 1 de enero de 1970","title-publication":"","scientific-journal":"This is an example for scientific journal","introduction":"This is an example for introduction","authors":"This is an example for authors: Name Surname1-Surname2, Name Surname1-Surname2,....","categorias":false},"aioseo_notices":[],"_links":{"self":[{"href":"https:\/\/participa.guttmann.com\/ca\/wp-json\/wp\/v2\/posts\/22138","targetHints":{"allow":["GET"]}}],"collection":[{"href":"https:\/\/participa.guttmann.com\/ca\/wp-json\/wp\/v2\/posts"}],"about":[{"href":"https:\/\/participa.guttmann.com\/ca\/wp-json\/wp\/v2\/types\/post"}],"author":[{"embeddable":true,"href":"https:\/\/participa.guttmann.com\/ca\/wp-json\/wp\/v2\/users\/8"}],"replies":[{"embeddable":true,"href":"https:\/\/participa.guttmann.com\/ca\/wp-json\/wp\/v2\/comments?post=22138"}],"version-history":[{"count":1,"href":"https:\/\/participa.guttmann.com\/ca\/wp-json\/wp\/v2\/posts\/22138\/revisions"}],"predecessor-version":[{"id":22144,"href":"https:\/\/participa.guttmann.com\/ca\/wp-json\/wp\/v2\/posts\/22138\/revisions\/22144"}],"wp:featuredmedia":[{"embeddable":true,"href":"https:\/\/participa.guttmann.com\/ca\/wp-json\/wp\/v2\/media\/22140"}],"wp:attachment":[{"href":"https:\/\/participa.guttmann.com\/ca\/wp-json\/wp\/v2\/media?parent=22138"}],"wp:term":[{"taxonomy":"category","embeddable":true,"href":"https:\/\/participa.guttmann.com\/ca\/wp-json\/wp\/v2\/categories?post=22138"},{"taxonomy":"post_tag","embeddable":true,"href":"https:\/\/participa.guttmann.com\/ca\/wp-json\/wp\/v2\/tags?post=22138"}],"curies":[{"name":"wp","href":"https:\/\/api.w.org\/{rel}","templated":true}]}}