{"id":6274,"date":"2021-06-09T10:09:39","date_gmt":"2021-06-09T10:09:39","guid":{"rendered":"https:\/\/participa.guttmann.com\/?p=6274"},"modified":"2021-12-13T10:09:31","modified_gmt":"2021-12-13T10:09:31","slug":"la-comunitat-valenciana-treballa-en-lelaboracio-del-seu-programa-de-turisme-accessible-2020-2025","status":"publish","type":"post","link":"https:\/\/participa.guttmann.com\/ca\/la-comunitat-valenciana-treballa-en-lelaboracio-del-seu-programa-de-turisme-accessible-2020-2025\/","title":{"rendered":"La Comunitat Valenciana treballa en l\u2019elaboraci\u00f3 del seu programa de Turisme Accessible 2020-2025"},"content":{"rendered":"<p><strong>La Comunitat Valenciana treballa en l\u2019elaboraci\u00f3 del seu programa de Turisme Accessible 2020-2025<\/strong><\/p>\n<p>La Comunitat Valenciana ha iniciat el proc\u00e9s d\u2019elaboraci\u00f3 del Programa de Turisme Accessible 2020-2025, amb l\u2019objectiu de definir les l\u00ednies per potenciar el desenvolupament del turisme accessible.<\/p>\n<p>El Programa s\u2019est\u00e0 realitzant juntament amb la Confederaci\u00f3 PREDIF i la Direcci\u00f3 General de Turisme, contactant tamb\u00e9 amb agents, associacions, professionals i col\u00b7lectius diversos.<\/p>\n<p>De moment, s\u2019han realitzat 2 modalitats d\u2019enquestes online. Una dirigida a professionals del sector tur\u00edstic de la Comunitat Valenciana i una altra a la ciutadania amb necessitats d\u2019accessibilitat, per tal de con\u00e8ixer les opinions i necessitats que ajudaran a la definici\u00f3 de noves accions per al programa.<\/p>\n<p>Font: <a href=\"https:\/\/www.tododisca.com\/programa-turismo-accesible-comunitat-valenciana-2020-2025\/\" target=\"_blank\" rel=\"noopener\">Tododisca<\/a><\/p>\n<p>&nbsp;<\/p>\n","protected":false},"excerpt":{"rendered":"<p>La Comunitat Valenciana treballa en l\u2019elaboraci\u00f3 del seu programa de Turisme Accessible 2020-2025 La Comunitat Valenciana ha iniciat el proc\u00e9s d\u2019elaboraci\u00f3 del Programa de Turisme Accessible 2020-2025, amb l\u2019objectiu de definir les l\u00ednies per potenciar el desenvolupament del turisme accessible. El Programa s\u2019est\u00e0 realitzant juntament amb la Confederaci\u00f3 PREDIF i la Direcci\u00f3 General de Turisme,<\/p>\n","protected":false},"author":8,"featured_media":6275,"comment_status":"closed","ping_status":"closed","sticky":false,"template":"","format":"standard","meta":{"_acf_changed":false,"_monsterinsights_skip_tracking":false,"_monsterinsights_sitenote_active":false,"_monsterinsights_sitenote_note":"","_monsterinsights_sitenote_category":0,"footnotes":""},"categories":[60,56],"tags":[],"class_list":["post-6274","post","type-post","status-publish","format-standard","has-post-thumbnail","hentry","category-noticies","category-oci"],"acf":{"date":"lunes 1 de enero de 1970","title-publication":"","scientific-journal":"This is an example for scientific journal","introduction":"This is an example for introduction","authors":"This is an example for authors: Name Surname1-Surname2, Name Surname1-Surname2,....","categorias":false},"aioseo_notices":[],"_links":{"self":[{"href":"https:\/\/participa.guttmann.com\/ca\/wp-json\/wp\/v2\/posts\/6274","targetHints":{"allow":["GET"]}}],"collection":[{"href":"https:\/\/participa.guttmann.com\/ca\/wp-json\/wp\/v2\/posts"}],"about":[{"href":"https:\/\/participa.guttmann.com\/ca\/wp-json\/wp\/v2\/types\/post"}],"author":[{"embeddable":true,"href":"https:\/\/participa.guttmann.com\/ca\/wp-json\/wp\/v2\/users\/8"}],"replies":[{"embeddable":true,"href":"https:\/\/participa.guttmann.com\/ca\/wp-json\/wp\/v2\/comments?post=6274"}],"version-history":[{"count":2,"href":"https:\/\/participa.guttmann.com\/ca\/wp-json\/wp\/v2\/posts\/6274\/revisions"}],"predecessor-version":[{"id":8945,"href":"https:\/\/participa.guttmann.com\/ca\/wp-json\/wp\/v2\/posts\/6274\/revisions\/8945"}],"wp:featuredmedia":[{"embeddable":true,"href":"https:\/\/participa.guttmann.com\/ca\/wp-json\/wp\/v2\/media\/6275"}],"wp:attachment":[{"href":"https:\/\/participa.guttmann.com\/ca\/wp-json\/wp\/v2\/media?parent=6274"}],"wp:term":[{"taxonomy":"category","embeddable":true,"href":"https:\/\/participa.guttmann.com\/ca\/wp-json\/wp\/v2\/categories?post=6274"},{"taxonomy":"post_tag","embeddable":true,"href":"https:\/\/participa.guttmann.com\/ca\/wp-json\/wp\/v2\/tags?post=6274"}],"curies":[{"name":"wp","href":"https:\/\/api.w.org\/{rel}","templated":true}]}}