{"id":7821,"date":"2021-09-20T12:43:48","date_gmt":"2021-09-20T12:43:48","guid":{"rendered":"https:\/\/participa.guttmann.com\/?p=7821"},"modified":"2021-12-14T10:59:29","modified_gmt":"2021-12-14T10:59:29","slug":"bob-pop-escriptor","status":"publish","type":"post","link":"https:\/\/participa.guttmann.com\/ca\/bob-pop-escriptor\/","title":{"rendered":"Bob Pop, escriptor"},"content":{"rendered":"<section class=\"section  text-normal section-text-no-shadow section-inner-no-shadow section-normal section-opaque\"  >\n    \n    <div class=\"background-overlay grid-overlay-0 \" style=\"background-color: rgba(0,0,0,0);\"><\/div>\n\n    <div class=\"container container-vertical-default\">\n        <div class=\"row vertical-default\">\n            <div class=\"col-md-12     text-default small-screen-default\"  ><div class=\"col-text-1 text-normal  element-top-20 element-bottom-20\" data-os-animation=\"none\" data-os-animation-delay=\"0s\">\n    <p><iframe loading=\"lazy\" title=\"YouTube video player\" src=\"https:\/\/www.youtube.com\/embed\/OyVykeBnvP4\" width=\"560\" height=\"315\" frameborder=\"0\" allowfullscreen=\"allowfullscreen\"><\/iframe><\/p>\n<p>Testimoni del <strong>Bob Pop<\/strong>, escriptor.<\/p>\n<p><!--more--><\/p>\n<p>&#8220;<span data-contrast=\"auto\">Jo a aquesta casa, per venir a viure aqu\u00ed,\u00a0vaig\u00a0haver de sacrificar el pressupost que tenia per llogar una casa al mes i pagar una mica m\u00e9s per tal que pogu\u00e9s ser una casa en la qual hi\u00a0estigu\u00e9s\u00a0c\u00f2mode.<\/span><span data-ccp-props=\"{&quot;134233117&quot;:true,&quot;134233118&quot;:true,&quot;201341983&quot;:0,&quot;335559740&quot;:240}\">\u00a0<\/span><\/p>\n<p><span data-contrast=\"auto\">Aleshores hi ha molt\u00edssimes barreres econ\u00f2miques. Des del tipus d\u2019habitatge que pots llogar, des de com el mous per la ciutat&#8230; \u00c9s veritat que hi ha acords amb l\u2019ajuntament per tenir taxis adaptats barats i de m\u00e9s, per\u00f2 no s\u00f3n f\u00e0cils d\u2019aconseguir, no s\u00f3n d\u2019un moment a un altre&#8230; i despr\u00e9s els habitatges. Que per molt que ens venguin que s\u00f3n habitatges adaptats&#8230; jo per exemple ara et parlo d\u2019una casa en la que hi portem un any. Vam estar 6 mesos buscant casa. Fins i tot cases, habitatges de nova construcci\u00f3 que et prometien que eren adaptades. Ni l\u2019amplada\u00a0de les portes era adaptada, ni l\u2019angle de les rampes era el correcte&#8230; Jo per entrar a casa meva no podia entrar pel portal principal sin\u00f3 pel garatge, perqu\u00e8 era el que tenia rampa. I cases recent constru\u00efdes i que et venien com a tal.\u00a0<\/span><span data-ccp-props=\"{&quot;134233117&quot;:true,&quot;134233118&quot;:true,&quot;201341983&quot;:0,&quot;335559740&quot;:240}\">\u00a0<\/span><\/p>\n<p><span data-contrast=\"auto\">Jo tinc la sort que em paguen b\u00e9 per la meva feina i em puc permetre certes coses que no tothom es pot permetre. Per la quan cosa no podem for\u00e7ar a la gent a \u201cvinga, sigues tu mateix,\u00a0\u00a0fes-ho tot\u201d. No, perqu\u00e8 aix\u00f2 tamb\u00e9 costa diners i costa una lluita que molta gent no t\u00e9 per qu\u00e8 dur a terme perqu\u00e8 no l\u2019ha de fer ni ell ni ella; l\u2019han de fer les institucions perqu\u00e8 en realitat\u00a0constru\u00efm una societat molt millor perqu\u00e8 aquesta integraci\u00f3 de les persones discapacitades tamb\u00e9 t\u00e9 a veure amb que tot sigui m\u00e9s f\u00e0cil.\u00a0<\/span><span data-ccp-props=\"{&quot;134233117&quot;:true,&quot;134233118&quot;:true,&quot;201341983&quot;:0,&quot;335559740&quot;:240}\">\u00a0<\/span><\/p>\n<p><span data-contrast=\"auto\">Perqu\u00e8 sin\u00f3, realment estem creant una societat en la que hi ha un tall. Hi ha un tall molt clar. No nom\u00e9s de capacitat-discapacitat, sin\u00f3 un tall econ\u00f2mic de classe. I aix\u00f2 em sembla que \u00e9s bastant nazi. <\/span><span data-ccp-props=\"{&quot;134233117&quot;:true,&quot;134233118&quot;:true,&quot;201341983&quot;:0,&quot;335559740&quot;:240}\">\u00a0<\/span><\/p>\n<p><span data-contrast=\"auto\">D\u2019acord, i ara despr\u00e9s de tot aquest rotllo, \u00bfpor qu\u00e8 estic jo aqu\u00ed?, per demanar-te que tu com a persona discapacitada et registris al projecte PARTICIPA. I\u00a0all\u00f2 expliquis tot el que et fa falta a tu de veritat, quins s\u00f3n els teus problemes. No el que els dem\u00e9s diguin des de fora que s\u00f3n els teus problemes, com t\u2019has d\u2019adaptar a la vida. No, explica tu amb quins obstacles et trobes.\u00a0F\u00edsics, socials, econ\u00f2mics. Entra a PARTICIPA i explica\u2019ns-ho. \u00c9s facil\u00edssim. Jo he rajat molt\u00edssim&#8230; No entrar\u00e0s tu aqu\u00ed a participar?<\/span>&#8220;<\/p>\n<\/div>\n<\/div>        <\/div>\n    <\/div>\n<\/section>\n\n","protected":false},"excerpt":{"rendered":"<p>Testimoni del Bob Pop, escriptor.<\/p>\n","protected":false},"author":9,"featured_media":7824,"comment_status":"closed","ping_status":"closed","sticky":false,"template":"","format":"standard","meta":{"_acf_changed":false,"_monsterinsights_skip_tracking":false,"_monsterinsights_sitenote_active":false,"_monsterinsights_sitenote_note":"","_monsterinsights_sitenote_category":0,"footnotes":""},"categories":[101],"tags":[],"class_list":["post-7821","post","type-post","status-publish","format-standard","has-post-thumbnail","hentry","category-ambaixadors"],"acf":{"date":"lunes 1 de enero de 1970","title-publication":"","scientific-journal":"This is an example for scientific journal","introduction":"This is an example for introduction","authors":"This is an example for authors: Name Surname1-Surname2, Name Surname1-Surname2,....","categorias":false},"aioseo_notices":[],"_links":{"self":[{"href":"https:\/\/participa.guttmann.com\/ca\/wp-json\/wp\/v2\/posts\/7821","targetHints":{"allow":["GET"]}}],"collection":[{"href":"https:\/\/participa.guttmann.com\/ca\/wp-json\/wp\/v2\/posts"}],"about":[{"href":"https:\/\/participa.guttmann.com\/ca\/wp-json\/wp\/v2\/types\/post"}],"author":[{"embeddable":true,"href":"https:\/\/participa.guttmann.com\/ca\/wp-json\/wp\/v2\/users\/9"}],"replies":[{"embeddable":true,"href":"https:\/\/participa.guttmann.com\/ca\/wp-json\/wp\/v2\/comments?post=7821"}],"version-history":[{"count":2,"href":"https:\/\/participa.guttmann.com\/ca\/wp-json\/wp\/v2\/posts\/7821\/revisions"}],"predecessor-version":[{"id":7829,"href":"https:\/\/participa.guttmann.com\/ca\/wp-json\/wp\/v2\/posts\/7821\/revisions\/7829"}],"wp:featuredmedia":[{"embeddable":true,"href":"https:\/\/participa.guttmann.com\/ca\/wp-json\/wp\/v2\/media\/7824"}],"wp:attachment":[{"href":"https:\/\/participa.guttmann.com\/ca\/wp-json\/wp\/v2\/media?parent=7821"}],"wp:term":[{"taxonomy":"category","embeddable":true,"href":"https:\/\/participa.guttmann.com\/ca\/wp-json\/wp\/v2\/categories?post=7821"},{"taxonomy":"post_tag","embeddable":true,"href":"https:\/\/participa.guttmann.com\/ca\/wp-json\/wp\/v2\/tags?post=7821"}],"curies":[{"name":"wp","href":"https:\/\/api.w.org\/{rel}","templated":true}]}}