{"id":10840,"date":"2022-04-29T12:04:17","date_gmt":"2022-04-29T12:04:17","guid":{"rendered":"https:\/\/participa.guttmann.com\/?p=10840"},"modified":"2022-04-29T12:05:34","modified_gmt":"2022-04-29T12:05:34","slug":"cermi-mujeres-denuncia-la-invisibilidad-de-las-mujeres-con-discapacidad-en-las-estadisticas-publicas-y-oficiales","status":"publish","type":"post","link":"https:\/\/participa.guttmann.com\/es\/cermi-mujeres-denuncia-la-invisibilidad-de-las-mujeres-con-discapacidad-en-las-estadisticas-publicas-y-oficiales\/","title":{"rendered":"Cermi Mujeres denuncia la invisibilidad de las mujeres con discapacidad en las estad\u00edsticas p\u00fablicas y oficiales"},"content":{"rendered":"<p>La Fundaci\u00f3n CERMI Mujeres (FCM) ha denunciado la falta de visibilidad de las mujeres con discapacidad en los datos estad\u00edsticos p\u00fablicos y oficiales, informaci\u00f3n importante para poder desarrollar pol\u00edticas p\u00fablicas que defiendan y protejan sus derechos.<\/p>\n<p>Durante la conferencia sobre el futuro de Europa, evento virtual coordinado y presidido por la FCM en colaboraci\u00f3n con el Foro Europeo de la Discapacidad (EDF) y el Cermi, se abordaron temas sobre el futuro de las mujeres y ni\u00f1as con discapacidad y sus derechos.<\/p>\n<p>Con este proyecto persigue debatir y contribuir a la toma de conciencia social sobre cuestiones de inter\u00e9s para la agenda europea. Como coment\u00f3 Yannis Vardakastanis, presidente del EDF, \u201chay m\u00e1s de 60 millones de mujeres y ni\u00f1as con discapacidad en Europa que muchas ocasiones quedan excluidas del debate p\u00fablico y no se abordan sus necesidades en leyes, pol\u00edticas e iniciativas a nivel internacional como europeo y nacional\u201d.<\/p>\n<p>Tambi\u00e9n, entre otros temas, se habl\u00f3 de: analizar la situaci\u00f3n actual y los problemas que tienen las mujeres y ni\u00f1as con discapacidad en Europa; se reflexion\u00f3 sobre la inclusi\u00f3n; y la necesidad de contar con datos oficiales para realizar pol\u00edticas p\u00fablicas id\u00f3neas, entre otros aspectos.<\/p>\n<p>Fuente: <a href=\"https:\/\/www.servimedia.es\/noticias\/cermi-mujeres-denuncia-invisibilidad-mujeres-discapacidad-datos-estadisticos-publicos-oficiales\/3316462\" target=\"_blank\" rel=\"noopener\">Servimedia<\/a><\/p>\n","protected":false},"excerpt":{"rendered":"<p>La Fundaci\u00f3n CERMI Mujeres (FCM) ha denunciado la falta de visibilidad de las mujeres con discapacidad en los datos estad\u00edsticos p\u00fablicos y oficiales, informaci\u00f3n importante para poder desarrollar pol\u00edticas p\u00fablicas que defiendan y protejan sus derechos. Durante la conferencia sobre el futuro de Europa, evento virtual coordinado y presidido por la FCM en colaboraci\u00f3n con<\/p>\n","protected":false},"author":8,"featured_media":9273,"comment_status":"closed","ping_status":"closed","sticky":false,"template":"","format":"standard","meta":{"_acf_changed":false,"_monsterinsights_skip_tracking":false,"_monsterinsights_sitenote_active":false,"_monsterinsights_sitenote_note":"","_monsterinsights_sitenote_category":0,"footnotes":""},"categories":[108,95,92,86,97,99,93],"tags":[],"class_list":["post-10840","post","type-post","status-publish","format-standard","has-post-thumbnail","hentry","category-acceso-a-servicios","category-moviliidad","category-noticias","category-ocio","category-ocupacion","category-relaciones-interpersonales","category-vivienda"],"acf":{"date":"lunes 1 de enero de 1970","title-publication":"","scientific-journal":"This is an example for scientific journal","introduction":"This is an example for introduction","authors":"This is an example for authors: Name Surname1-Surname2, Name Surname1-Surname2,....","categorias":false},"aioseo_notices":[],"_links":{"self":[{"href":"https:\/\/participa.guttmann.com\/es\/wp-json\/wp\/v2\/posts\/10840","targetHints":{"allow":["GET"]}}],"collection":[{"href":"https:\/\/participa.guttmann.com\/es\/wp-json\/wp\/v2\/posts"}],"about":[{"href":"https:\/\/participa.guttmann.com\/es\/wp-json\/wp\/v2\/types\/post"}],"author":[{"embeddable":true,"href":"https:\/\/participa.guttmann.com\/es\/wp-json\/wp\/v2\/users\/8"}],"replies":[{"embeddable":true,"href":"https:\/\/participa.guttmann.com\/es\/wp-json\/wp\/v2\/comments?post=10840"}],"version-history":[{"count":1,"href":"https:\/\/participa.guttmann.com\/es\/wp-json\/wp\/v2\/posts\/10840\/revisions"}],"predecessor-version":[{"id":10842,"href":"https:\/\/participa.guttmann.com\/es\/wp-json\/wp\/v2\/posts\/10840\/revisions\/10842"}],"wp:featuredmedia":[{"embeddable":true,"href":"https:\/\/participa.guttmann.com\/es\/wp-json\/wp\/v2\/media\/9273"}],"wp:attachment":[{"href":"https:\/\/participa.guttmann.com\/es\/wp-json\/wp\/v2\/media?parent=10840"}],"wp:term":[{"taxonomy":"category","embeddable":true,"href":"https:\/\/participa.guttmann.com\/es\/wp-json\/wp\/v2\/categories?post=10840"},{"taxonomy":"post_tag","embeddable":true,"href":"https:\/\/participa.guttmann.com\/es\/wp-json\/wp\/v2\/tags?post=10840"}],"curies":[{"name":"wp","href":"https:\/\/api.w.org\/{rel}","templated":true}]}}