{"id":12626,"date":"2022-09-23T08:40:33","date_gmt":"2022-09-23T08:40:33","guid":{"rendered":"https:\/\/participa.guttmann.com\/?p=12626"},"modified":"2022-09-23T08:40:33","modified_gmt":"2022-09-23T08:40:33","slug":"las-sillas-joelette-la-apuesta-de-gran-canaria-para-hacer-accesibles-los-senderos-para-personas-con-movilidad-reducida","status":"publish","type":"post","link":"https:\/\/participa.guttmann.com\/es\/las-sillas-joelette-la-apuesta-de-gran-canaria-para-hacer-accesibles-los-senderos-para-personas-con-movilidad-reducida\/","title":{"rendered":"Las sillas \u2018jo\u00eblette\u2019, la apuesta de Gran Canaria para hacer accesibles los senderos para personas con movilidad reducida"},"content":{"rendered":"<p>El Cabildo de Gran Canaria ha puesto en marcha el programa \u201cConectados X Naturaleza\u201d para facilitar a las personas con discapacidad f\u00edsica el acceso a las rutas, senderos y rincones de naturaleza de la isla. El proyecto se ha presentado en el Jard\u00edn Bot\u00e1nico Canario Viera y Clavijo, con el objetivo de avanzar en la inclusi\u00f3n, accesibilidad y participaci\u00f3n de las personas con discapacidad en todas las dimensiones de la isla para que puedan disfrutar de la naturaleza y sus senderos.<\/p>\n<p>El proyecto contar\u00e1 con 4 sillas \u201cjo\u00eblette\u201d, dos para adultos y otras dos para ni\u00f1os\/as y, con el paso del tiempo, se ir\u00e1n ampliando estos materiales. Adem\u00e1s, para poder llevar a cabo el programa se est\u00e1 formando al personal (con una formaci\u00f3n gratuita de cuatro horas) de distintos organismos insulares y colectivos al uso de las sillas \u201cjo\u00eblette\u201d para el transporte de las personas.<\/p>\n<p>Fuente: <a href=\"https:\/\/www.tododisca.com\/silla-joelette-gran-canaria-accesibilidad-senderos-personas-movilidad-reducida\/\" target=\"_blank\" rel=\"noopener\">Tododisca<\/a><\/p>\n","protected":false},"excerpt":{"rendered":"<p>El Cabildo de Gran Canaria ha puesto en marcha el programa \u201cConectados X Naturaleza\u201d para facilitar a las personas con discapacidad f\u00edsica el acceso a las rutas, senderos y rincones de naturaleza de la isla. El proyecto se ha presentado en el Jard\u00edn Bot\u00e1nico Canario Viera y Clavijo, con el objetivo de avanzar en la<\/p>\n","protected":false},"author":8,"featured_media":12628,"comment_status":"closed","ping_status":"closed","sticky":false,"template":"","format":"standard","meta":{"_acf_changed":false,"_monsterinsights_skip_tracking":false,"_monsterinsights_sitenote_active":false,"_monsterinsights_sitenote_note":"","_monsterinsights_sitenote_category":0,"footnotes":""},"categories":[92,86],"tags":[],"class_list":["post-12626","post","type-post","status-publish","format-standard","has-post-thumbnail","hentry","category-noticias","category-ocio"],"acf":{"date":"lunes 1 de enero de 1970","title-publication":"","scientific-journal":"This is an example for scientific journal","introduction":"This is an example for introduction","authors":"This is an example for authors: Name Surname1-Surname2, Name Surname1-Surname2,....","categorias":false},"aioseo_notices":[],"_links":{"self":[{"href":"https:\/\/participa.guttmann.com\/es\/wp-json\/wp\/v2\/posts\/12626","targetHints":{"allow":["GET"]}}],"collection":[{"href":"https:\/\/participa.guttmann.com\/es\/wp-json\/wp\/v2\/posts"}],"about":[{"href":"https:\/\/participa.guttmann.com\/es\/wp-json\/wp\/v2\/types\/post"}],"author":[{"embeddable":true,"href":"https:\/\/participa.guttmann.com\/es\/wp-json\/wp\/v2\/users\/8"}],"replies":[{"embeddable":true,"href":"https:\/\/participa.guttmann.com\/es\/wp-json\/wp\/v2\/comments?post=12626"}],"version-history":[{"count":1,"href":"https:\/\/participa.guttmann.com\/es\/wp-json\/wp\/v2\/posts\/12626\/revisions"}],"predecessor-version":[{"id":12631,"href":"https:\/\/participa.guttmann.com\/es\/wp-json\/wp\/v2\/posts\/12626\/revisions\/12631"}],"wp:featuredmedia":[{"embeddable":true,"href":"https:\/\/participa.guttmann.com\/es\/wp-json\/wp\/v2\/media\/12628"}],"wp:attachment":[{"href":"https:\/\/participa.guttmann.com\/es\/wp-json\/wp\/v2\/media?parent=12626"}],"wp:term":[{"taxonomy":"category","embeddable":true,"href":"https:\/\/participa.guttmann.com\/es\/wp-json\/wp\/v2\/categories?post=12626"},{"taxonomy":"post_tag","embeddable":true,"href":"https:\/\/participa.guttmann.com\/es\/wp-json\/wp\/v2\/tags?post=12626"}],"curies":[{"name":"wp","href":"https:\/\/api.w.org\/{rel}","templated":true}]}}