{"id":13046,"date":"2022-10-28T09:06:14","date_gmt":"2022-10-28T09:06:14","guid":{"rendered":"https:\/\/participa.guttmann.com\/?p=13046"},"modified":"2022-10-28T09:06:14","modified_gmt":"2022-10-28T09:06:14","slug":"el-gobierno-aprueba-el-nuevo-baremo-de-reconocimiento-de-la-discapacidad-con-un-tramite-de-urgencia-para-personas-con-ela-y-otras-enfermedades-raras","status":"publish","type":"post","link":"https:\/\/participa.guttmann.com\/es\/el-gobierno-aprueba-el-nuevo-baremo-de-reconocimiento-de-la-discapacidad-con-un-tramite-de-urgencia-para-personas-con-ela-y-otras-enfermedades-raras\/","title":{"rendered":"El Gobierno aprueba el nuevo baremo de reconocimiento de la discapacidad con un tr\u00e1mite de urgencia para personas con ELA y otras enfermedades raras"},"content":{"rendered":"<p>El 18 de octubre, el Consejo de ministros y ministras aprob\u00f3 el Real Decreto que establece el reconocimiento, declaraci\u00f3n y calificaci\u00f3n del grado de discapacidad. Este nuevo baremo sustituye el de 1999, adapt\u00e1ndose al modelo social de la Convenci\u00f3n Internacional sobre Derechos de las Personas con Discapacidad de Naciones Unidas.<\/p>\n<p>Con este cumplimiento se dar\u00e1 respuesta a una demanda de las personas con discapacidad que lleva bloqueada 10 a\u00f1os, siendo un colectivo de 4,38 millones de personas en Espa\u00f1a. Ione Belarra, ministra de Derechos Sociales y Agenda 2030, afirma que, \u00abpor fin terminamos con esa situaci\u00f3n aprobando un nuevo baremo con criterios m\u00e1s objetivos, m\u00e1s precisos y humanos, los tr\u00e1mites van a ser m\u00e1s agiles y flexibles\u201d.<\/p>\n<p>El texto aprobado establece tambi\u00e9n: un tr\u00e1mite de urgencia cuando fuese necesario por causas humanitarias o de especial necesidad social, de salud o esperanza de vida, y reducci\u00f3n de plazos a las mujeres v\u00edctimas de violencia de g\u00e9nero (ya que, seg\u00fan la \u00faltima encuesta, el 17,5% tienen una discapacidad ocasionada por la violencia). Adem\u00e1s, este nuevo baremo permitir\u00e1 realizar una valoraci\u00f3n y calificaci\u00f3n m\u00e1s certera de realidades que causan discapacidad como las discapacidades psicosociales, el autismo o las enfermedades raras.<\/p>\n<p>Ya se est\u00e1 programando desde la Administraci\u00f3n una formaci\u00f3n especializada a todo el personal en las nuevas herramientas, como otra garant\u00eda de equidad en su aplicaci\u00f3n.<\/p>\n<p>Fuente: <a href=\"https:\/\/www.rpdiscapacidad.gob.es\/actualidad\/noticias\/0-49341.htm\" target=\"_blank\" rel=\"noopener\">Real Patronato sobre Discapacidad<\/a><\/p>\n","protected":false},"excerpt":{"rendered":"<p>El 18 de octubre, el Consejo de ministros y ministras aprob\u00f3 el Real Decreto que establece el reconocimiento, declaraci\u00f3n y calificaci\u00f3n del grado de discapacidad. Este nuevo baremo sustituye el de 1999, adapt\u00e1ndose al modelo social de la Convenci\u00f3n Internacional sobre Derechos de las Personas con Discapacidad de Naciones Unidas. Con este cumplimiento se dar\u00e1<\/p>\n","protected":false},"author":8,"featured_media":13048,"comment_status":"closed","ping_status":"closed","sticky":false,"template":"","format":"standard","meta":{"_acf_changed":false,"_monsterinsights_skip_tracking":false,"_monsterinsights_sitenote_active":false,"_monsterinsights_sitenote_note":"","_monsterinsights_sitenote_category":0,"footnotes":""},"categories":[108,92],"tags":[],"class_list":["post-13046","post","type-post","status-publish","format-standard","has-post-thumbnail","hentry","category-acceso-a-servicios","category-noticias"],"acf":{"date":"lunes 1 de enero de 1970","title-publication":"","scientific-journal":"This is an example for scientific journal","introduction":"This is an example for introduction","authors":"This is an example for authors: Name Surname1-Surname2, Name Surname1-Surname2,....","categorias":false},"aioseo_notices":[],"_links":{"self":[{"href":"https:\/\/participa.guttmann.com\/es\/wp-json\/wp\/v2\/posts\/13046","targetHints":{"allow":["GET"]}}],"collection":[{"href":"https:\/\/participa.guttmann.com\/es\/wp-json\/wp\/v2\/posts"}],"about":[{"href":"https:\/\/participa.guttmann.com\/es\/wp-json\/wp\/v2\/types\/post"}],"author":[{"embeddable":true,"href":"https:\/\/participa.guttmann.com\/es\/wp-json\/wp\/v2\/users\/8"}],"replies":[{"embeddable":true,"href":"https:\/\/participa.guttmann.com\/es\/wp-json\/wp\/v2\/comments?post=13046"}],"version-history":[{"count":1,"href":"https:\/\/participa.guttmann.com\/es\/wp-json\/wp\/v2\/posts\/13046\/revisions"}],"predecessor-version":[{"id":13051,"href":"https:\/\/participa.guttmann.com\/es\/wp-json\/wp\/v2\/posts\/13046\/revisions\/13051"}],"wp:featuredmedia":[{"embeddable":true,"href":"https:\/\/participa.guttmann.com\/es\/wp-json\/wp\/v2\/media\/13048"}],"wp:attachment":[{"href":"https:\/\/participa.guttmann.com\/es\/wp-json\/wp\/v2\/media?parent=13046"}],"wp:term":[{"taxonomy":"category","embeddable":true,"href":"https:\/\/participa.guttmann.com\/es\/wp-json\/wp\/v2\/categories?post=13046"},{"taxonomy":"post_tag","embeddable":true,"href":"https:\/\/participa.guttmann.com\/es\/wp-json\/wp\/v2\/tags?post=13046"}],"curies":[{"name":"wp","href":"https:\/\/api.w.org\/{rel}","templated":true}]}}