{"id":18568,"date":"2023-10-12T10:33:33","date_gmt":"2023-10-12T10:33:33","guid":{"rendered":"https:\/\/participa.guttmann.com\/?p=18568"},"modified":"2023-10-11T10:37:09","modified_gmt":"2023-10-11T10:37:09","slug":"la-diputada-con-sindrome-de-down-mar-galceran-mi-papel-como-diputada-es-servir-a-la-sociedad","status":"publish","type":"post","link":"https:\/\/participa.guttmann.com\/es\/la-diputada-con-sindrome-de-down-mar-galceran-mi-papel-como-diputada-es-servir-a-la-sociedad\/","title":{"rendered":"La diputada con s\u00edndrome de Down Mar Galcer\u00e1n: \u00abMi papel como diputada es servir a la sociedad\u00bb"},"content":{"rendered":"<p>Mar Galcer\u00e1n, secretaria del \u00c1rea de Atenci\u00f3n a Personas con Discapacidad del Partido Popular de la Comunidad Valenciana, asumir\u00e1 su cargo como diputada auton\u00f3mica en las Cortes valencianas la pr\u00f3xima semana.<\/p>\n<p>Galcer\u00e1n, quien tiene s\u00edndrome de Down, ocup\u00f3 el puesto n\u00famero 20 en la lista del PP en la provincia de Valencia en las \u00faltimas elecciones auton\u00f3micas. Su nombramiento es visto como un avance en la promoci\u00f3n de la inclusi\u00f3n social y laboral. Ella enfatiz\u00f3 la importancia de la constancia y la fijaci\u00f3n de metas para lograr el \u00e9xito.<!--more--><\/p>\n<p>La futura diputada popular asegur\u00f3 que trabajar\u00e1 para \u201cservir a los ciudadanos\u201d: \u201cMi papel como diputada es el de servir a la sociedad\u201d.Galcer\u00e1n tiene una trayectoria de 26 a\u00f1os en la funci\u00f3n p\u00fablica y ha sido presidenta de Asindown en la Comunidad Valenciana. Adem\u00e1s, es t\u00e9cnico auxiliar de hogar y t\u00e9cnico auxiliar de jard\u00edn de infancia. Actualmente trabaja en la Conselleria de Sanidad y Salud P\u00fablica, tras pasar por otras \u00e1reas de la administraci\u00f3n valenciana.<\/p>\n<p>Fuente: <a href=\"https:\/\/www.servimedia.es\/noticias\/mar-galceran-convertira-primera-diputada-sindrome-down-cortes-valencianas\/3834870\" target=\"_blank\" rel=\"noopener\">Servimedia<\/a><\/p>\n<p>&nbsp;<\/p>\n","protected":false},"excerpt":{"rendered":"<p>Mar Galcer\u00e1n, secretaria del \u00c1rea de Atenci\u00f3n a Personas con Discapacidad del Partido Popular de la Comunidad Valenciana, asumir\u00e1 su cargo como diputada auton\u00f3mica en las Cortes valencianas la pr\u00f3xima semana. Galcer\u00e1n, quien tiene s\u00edndrome de Down, ocup\u00f3 el puesto n\u00famero 20 en la lista del PP en la provincia de Valencia en las \u00faltimas<\/p>\n","protected":false},"author":8,"featured_media":18562,"comment_status":"closed","ping_status":"closed","sticky":false,"template":"","format":"standard","meta":{"_acf_changed":false,"_monsterinsights_skip_tracking":false,"_monsterinsights_sitenote_active":false,"_monsterinsights_sitenote_note":"","_monsterinsights_sitenote_category":0,"footnotes":""},"categories":[108,95,92,86,97,99,93],"tags":[],"class_list":["post-18568","post","type-post","status-publish","format-standard","has-post-thumbnail","hentry","category-acceso-a-servicios","category-moviliidad","category-noticias","category-ocio","category-ocupacion","category-relaciones-interpersonales","category-vivienda"],"acf":{"date":"lunes 1 de enero de 1970","title-publication":"","scientific-journal":"This is an example for scientific journal","introduction":"This is an example for introduction","authors":"This is an example for authors: Name Surname1-Surname2, Name Surname1-Surname2,....","categorias":false},"aioseo_notices":[],"_links":{"self":[{"href":"https:\/\/participa.guttmann.com\/es\/wp-json\/wp\/v2\/posts\/18568","targetHints":{"allow":["GET"]}}],"collection":[{"href":"https:\/\/participa.guttmann.com\/es\/wp-json\/wp\/v2\/posts"}],"about":[{"href":"https:\/\/participa.guttmann.com\/es\/wp-json\/wp\/v2\/types\/post"}],"author":[{"embeddable":true,"href":"https:\/\/participa.guttmann.com\/es\/wp-json\/wp\/v2\/users\/8"}],"replies":[{"embeddable":true,"href":"https:\/\/participa.guttmann.com\/es\/wp-json\/wp\/v2\/comments?post=18568"}],"version-history":[{"count":1,"href":"https:\/\/participa.guttmann.com\/es\/wp-json\/wp\/v2\/posts\/18568\/revisions"}],"predecessor-version":[{"id":18574,"href":"https:\/\/participa.guttmann.com\/es\/wp-json\/wp\/v2\/posts\/18568\/revisions\/18574"}],"wp:featuredmedia":[{"embeddable":true,"href":"https:\/\/participa.guttmann.com\/es\/wp-json\/wp\/v2\/media\/18562"}],"wp:attachment":[{"href":"https:\/\/participa.guttmann.com\/es\/wp-json\/wp\/v2\/media?parent=18568"}],"wp:term":[{"taxonomy":"category","embeddable":true,"href":"https:\/\/participa.guttmann.com\/es\/wp-json\/wp\/v2\/categories?post=18568"},{"taxonomy":"post_tag","embeddable":true,"href":"https:\/\/participa.guttmann.com\/es\/wp-json\/wp\/v2\/tags?post=18568"}],"curies":[{"name":"wp","href":"https:\/\/api.w.org\/{rel}","templated":true}]}}