{"id":5660,"date":"2021-05-03T08:40:23","date_gmt":"2021-05-03T08:40:23","guid":{"rendered":"https:\/\/participa.guttmann.com\/?p=5660"},"modified":"2021-12-13T09:11:15","modified_gmt":"2021-12-13T09:11:15","slug":"dia-nacional-de-la-convencion-sobre-los-derechos-de-las-personas-con-discapacidad","status":"publish","type":"post","link":"https:\/\/participa.guttmann.com\/es\/dia-nacional-de-la-convencion-sobre-los-derechos-de-las-personas-con-discapacidad\/","title":{"rendered":"D\u00eda Nacional de la Convenci\u00f3n sobre los Derechos de las Personas con Discapacidad"},"content":{"rendered":"<p><strong>D\u00eda Nacional de la Convenci\u00f3n sobre los Derechos de las Personas con Discapacidad<\/strong><\/p>\n<p>Hoy 3 de mayo se celebra el D\u00eda Nacional de la <a href=\"https:\/\/www.un.org\/esa\/socdev\/enable\/documents\/tccconvs.pdf\" target=\"_blank\" rel=\"noopener\">Convenci\u00f3n sobre los Derechos de las Personas con Discapacidad<\/a> de las Naciones Unidas, con el objetivo de conmemorar y reconocer este instrumento normativo internacional que ha supuesto un cambio de paradigma para abordar la discapacidad.<\/p>\n<p>La Convenci\u00f3n reconoce los principios y derechos que conllevan un cambio en el concepto de discapacidad, considerando las personas con discapacidad como sujetos titulares de sus derechos y obligando a los Estados a garantizar el ejercicio de estos.<\/p>\n<p>Algunos de los cambios significativos gracias a la convenci\u00f3n son la visibilidad de las personas con discapacidad dentro del sistema de protecci\u00f3n de los derechos humanos de las Naciones Unidas, el hecho de considerar la discapacidad como una cuesti\u00f3n de derechos humanos y de contar con una herramienta jur\u00eddica para hacer valer los mismos derechos.<\/p>\n<p>Fuente: <a href=\"https:\/\/www.tododisca.com\/dia-nacional-derechos-personas-con-discapacidad\/\" target=\"_blank\" rel=\"noopener\">Tododisca<\/a><\/p>\n","protected":false},"excerpt":{"rendered":"<p>D\u00eda Nacional de la Convenci\u00f3n sobre los Derechos de las Personas con Discapacidad Hoy 3 de mayo se celebra el D\u00eda Nacional de la Convenci\u00f3n sobre los Derechos de las Personas con Discapacidad de las Naciones Unidas, con el objetivo de conmemorar y reconocer este instrumento normativo internacional que ha supuesto un cambio de paradigma<\/p>\n","protected":false},"author":8,"featured_media":5665,"comment_status":"closed","ping_status":"closed","sticky":false,"template":"","format":"standard","meta":{"_acf_changed":false,"_monsterinsights_skip_tracking":false,"_monsterinsights_sitenote_active":false,"_monsterinsights_sitenote_note":"","_monsterinsights_sitenote_category":0,"footnotes":""},"categories":[92],"tags":[],"class_list":["post-5660","post","type-post","status-publish","format-standard","has-post-thumbnail","hentry","category-noticias"],"acf":{"date":"lunes 1 de enero de 1970","title-publication":"","scientific-journal":"This is an example for scientific journal","introduction":"This is an example for introduction","authors":"This is an example for authors: Name Surname1-Surname2, Name Surname1-Surname2,....","categorias":false},"aioseo_notices":[],"_links":{"self":[{"href":"https:\/\/participa.guttmann.com\/es\/wp-json\/wp\/v2\/posts\/5660","targetHints":{"allow":["GET"]}}],"collection":[{"href":"https:\/\/participa.guttmann.com\/es\/wp-json\/wp\/v2\/posts"}],"about":[{"href":"https:\/\/participa.guttmann.com\/es\/wp-json\/wp\/v2\/types\/post"}],"author":[{"embeddable":true,"href":"https:\/\/participa.guttmann.com\/es\/wp-json\/wp\/v2\/users\/8"}],"replies":[{"embeddable":true,"href":"https:\/\/participa.guttmann.com\/es\/wp-json\/wp\/v2\/comments?post=5660"}],"version-history":[{"count":3,"href":"https:\/\/participa.guttmann.com\/es\/wp-json\/wp\/v2\/posts\/5660\/revisions"}],"predecessor-version":[{"id":8880,"href":"https:\/\/participa.guttmann.com\/es\/wp-json\/wp\/v2\/posts\/5660\/revisions\/8880"}],"wp:featuredmedia":[{"embeddable":true,"href":"https:\/\/participa.guttmann.com\/es\/wp-json\/wp\/v2\/media\/5665"}],"wp:attachment":[{"href":"https:\/\/participa.guttmann.com\/es\/wp-json\/wp\/v2\/media?parent=5660"}],"wp:term":[{"taxonomy":"category","embeddable":true,"href":"https:\/\/participa.guttmann.com\/es\/wp-json\/wp\/v2\/categories?post=5660"},{"taxonomy":"post_tag","embeddable":true,"href":"https:\/\/participa.guttmann.com\/es\/wp-json\/wp\/v2\/tags?post=5660"}],"curies":[{"name":"wp","href":"https:\/\/api.w.org\/{rel}","templated":true}]}}